{"id":11338,"date":"2026-01-23T08:54:57","date_gmt":"2026-01-23T13:54:57","guid":{"rendered":"https:\/\/www.fiqsante.qc.ca\/?p=11338"},"modified":"2026-03-03T10:24:08","modified_gmt":"2026-03-03T15:24:08","slug":"generations-stand-up-standing-together","status":"publish","type":"post","link":"https:\/\/www.fiqsante.qc.ca\/en\/generations-stand-up-standing-together\/","title":{"rendered":"Generations STAND UP! | Standing together"},"content":{"rendered":"<div class=\"wpb-content-wrapper\"><p>[vc_row][vc_column][vc_raw_html]JTNDaDIlM0UlNUJjb2RlX3NuaXBwZXQlMjBpZCUzRCUyMjYlMjIlMjBwaHAlNUQlM0MlMkZoMiUzRSUwQSUzQ3AlM0UlNUJjb2RlX3NuaXBwZXQlMjBpZCUzRCUyMjclMjIlMjBwaHAlNUQlM0MlMkZwJTNF[\/vc_raw_html][\/vc_column][\/vc_row][vc_row][vc_column width=&#8221;2\/3&#8243;][vc_column_text css=&#8221;&#8221;]<\/p>\r\n<p>With just a few weeks to go until the International Day of Women\u2019s Rights, the Collectif 8 mars is now unveiling the slogan and visual for the 2026 edition: Generations STAND UP!<\/p>\r\n<p>Inspired by the newspaper <em>Qu\u00e9b\u00e9coises deboutte!<\/em>, which over 50 years ago brought a new energy to the streets and to people\u2019s consciousness, this slogan is part of a continuity of feminist battles, waged generation after generation. With just a few words \u2013 Women of Qu\u00e9bec, stand up! \u2013 it gave voice to an emerging feminism determined to make itself heard despite the taboos of the day.<\/p>\r\n<p>Today, unfortunately, the battle is far from over.\u00a0We still have not fully achieved pay equity. Violence against women continues. Care work and invisible work are still undervalued. The rise of masculinist rhetoric is fuelling setbacks. These issues compound with several other realities that require engagement, solidarity and collective action.<\/p>\r\n<p>In this context, the slogan <em>Generations STAND UP! <\/em>makes perfect sense. It\u2019s a reminder that mobilization is still essential.\u00a0 That solidarity is our greatest strength. And that from one generation to the next, feminist battles continue and grow stronger.<\/p>\r\n<h4>Show your support<\/h4>\r\n<p>The FIQ invites its members to embrace the slogan <em>Generations STAND UP!<\/em> by showing their support in their workplace, in their community or on social media.<\/p>\r\n<p>The official visuals can be downloaded to support mobilization across Quebec.<\/p>\r\n<p>Let\u2019s proudly show that we are part of <em>Generations STAND UP!<\/em><\/p>\r\n<p><em>Whenever you use a visual, credit it to: Collectif 8 mars. Club\u00a0Sexu. Illustration: Alex Bilodeau<\/em><\/p>\r\n<p><em>Materials are the property of Collectif 8 mars.<\/em><em> Any use or reproduction by political parties is strictly forbidden. The illustration may not be corrected, changed or adapted without the prior written consent of Collectif 8 mars.<\/em><\/p>\r\n<p>[\/vc_column_text]<a class=\"btn btn-primary btn-large btn-fleche \" href=\"https:\/\/www.fiqsante.qc.ca\/en\/trousse-a-outils-generations-deboutte\/\" title=\"\" target=\"\"><span>Show your support<\/span><\/a><a class=\"btn btn-primary btn-large btn-fleche \" href=\"https:\/\/www.facebook.com\/events\/1818021148847327?acontext=%7B%22event_action_history%22%3A[%7B%22surface%22%3A%22external%22%7D%2C%7B%22mechanism%22%3A%22attachment%22%2C%22surface%22%3A%22newsfeed%22%7D]%2C%22ref_notif_type%22%3Anull%7D\" title=\"\" target=\"\"><span>I\u2019m taking part in the Montreal march<\/span><\/a><a class=\"btn btn-primary btn-large btn-fleche \" href=\"https:\/\/www.facebook.com\/events\/1675610006879862\" title=\"\" target=\"\"><span>I\u2019m taking part in the Quebec City march<\/span><\/a>[\/vc_column][vc_column width=&#8221;1\/3&#8243;][vc_single_image image=&#8221;11398&#8243; img_size=&#8221;large&#8221; css=&#8221;&#8221;][\/vc_column][\/vc_row]<\/p><\/div>","protected":false},"excerpt":{"rendered":"<p>With just a few weeks to go until the International Day of Women\u2019s Rights, the Collectif 8 mars is now unveiling the slogan and visual for the 2026 edition: Generations STAND UP!<\/p>\n","protected":false},"author":2,"featured_media":11427,"comment_status":"open","ping_status":"open","sticky":false,"template":"","format":"standard","meta":{"_acf_changed":false,"inline_featured_image":false,"footnotes":""},"categories":[1],"tags":[],"class_list":["post-11338","post","type-post","status-publish","format-standard","has-post-thumbnail","hentry","category-non-classifiee"],"acf":[],"yoast_head":"<!-- This site is optimized with the Yoast SEO plugin v27.4 - https:\/\/yoast.com\/product\/yoast-seo-wordpress\/ -->\n<title>Generations STAND UP! | Standing together - F\u00e9d\u00e9ration interprofessionnelle de la sant\u00e9 du Qu\u00e9bec<\/title>\n<meta name=\"robots\" content=\"index, follow, max-snippet:-1, max-image-preview:large, max-video-preview:-1\" \/>\n<link rel=\"canonical\" href=\"https:\/\/www.fiqsante.qc.ca\/en\/generations-stand-up-standing-together\/\" \/>\n<meta property=\"og:locale\" content=\"en_US\" \/>\n<meta property=\"og:type\" content=\"article\" \/>\n<meta property=\"og:title\" content=\"Generations STAND UP! | Standing together - F\u00e9d\u00e9ration interprofessionnelle de la sant\u00e9 du Qu\u00e9bec\" \/>\n<meta property=\"og:description\" content=\"With just a few weeks to go until the International Day of Women\u2019s Rights, the Collectif 8 mars is now unveiling the slogan and visual for the 2026 edition: Generations STAND UP!\" \/>\n<meta property=\"og:url\" content=\"https:\/\/www.fiqsante.qc.ca\/en\/generations-stand-up-standing-together\/\" \/>\n<meta property=\"og:site_name\" content=\"F\u00e9d\u00e9ration interprofessionnelle de la sant\u00e9 du Qu\u00e9bec\" \/>\n<meta property=\"article:published_time\" content=\"2026-01-23T13:54:57+00:00\" \/>\n<meta property=\"article:modified_time\" content=\"2026-03-03T15:24:08+00:00\" \/>\n<meta property=\"og:image\" content=\"https:\/\/www.fiqsante.qc.ca\/wp-content\/uploads\/2026\/01\/coll8mars-declinaisons-num-youtube-en-o2-1.jpg\" \/>\n\t<meta property=\"og:image:width\" content=\"1920\" \/>\n\t<meta property=\"og:image:height\" content=\"1080\" \/>\n\t<meta property=\"og:image:type\" content=\"image\/jpeg\" \/>\n<meta name=\"author\" content=\"Benoit Riopel\" \/>\n<meta name=\"twitter:card\" content=\"summary_large_image\" \/>\n<meta name=\"twitter:label1\" content=\"Written by\" \/>\n\t<meta name=\"twitter:data1\" content=\"Benoit Riopel\" \/>\n\t<meta name=\"twitter:label2\" content=\"Est. reading time\" \/>\n\t<meta name=\"twitter:data2\" content=\"3 minutes\" \/>\n<script type=\"application\/ld+json\" class=\"yoast-schema-graph\">{\"@context\":\"https:\\\/\\\/schema.org\",\"@graph\":[{\"@type\":\"Article\",\"@id\":\"https:\\\/\\\/www.fiqsante.qc.ca\\\/en\\\/generations-stand-up-standing-together\\\/#article\",\"isPartOf\":{\"@id\":\"https:\\\/\\\/www.fiqsante.qc.ca\\\/en\\\/generations-stand-up-standing-together\\\/\"},\"author\":{\"name\":\"Benoit Riopel\",\"@id\":\"https:\\\/\\\/www.fiqsante.qc.ca\\\/en\\\/#\\\/schema\\\/person\\\/e4cd421486cf950acd26794b9d29516f\"},\"headline\":\"Generations STAND UP! | Standing together\",\"datePublished\":\"2026-01-23T13:54:57+00:00\",\"dateModified\":\"2026-03-03T15:24:08+00:00\",\"mainEntityOfPage\":{\"@id\":\"https:\\\/\\\/www.fiqsante.qc.ca\\\/en\\\/generations-stand-up-standing-together\\\/\"},\"wordCount\":459,\"commentCount\":0,\"image\":{\"@id\":\"https:\\\/\\\/www.fiqsante.qc.ca\\\/en\\\/generations-stand-up-standing-together\\\/#primaryimage\"},\"thumbnailUrl\":\"https:\\\/\\\/www.fiqsante.qc.ca\\\/wp-content\\\/uploads\\\/2026\\\/01\\\/coll8mars-declinaisons-num-youtube-en-o2-1.jpg\",\"articleSection\":[\"Non classifi\u00e9(e)\"],\"inLanguage\":\"en-US\",\"potentialAction\":[{\"@type\":\"CommentAction\",\"name\":\"Comment\",\"target\":[\"https:\\\/\\\/www.fiqsante.qc.ca\\\/en\\\/generations-stand-up-standing-together\\\/#respond\"]}]},{\"@type\":\"WebPage\",\"@id\":\"https:\\\/\\\/www.fiqsante.qc.ca\\\/en\\\/generations-stand-up-standing-together\\\/\",\"url\":\"https:\\\/\\\/www.fiqsante.qc.ca\\\/en\\\/generations-stand-up-standing-together\\\/\",\"name\":\"Generations STAND UP! | Standing together - F\u00e9d\u00e9ration interprofessionnelle de la sant\u00e9 du Qu\u00e9bec\",\"isPartOf\":{\"@id\":\"https:\\\/\\\/www.fiqsante.qc.ca\\\/en\\\/#website\"},\"primaryImageOfPage\":{\"@id\":\"https:\\\/\\\/www.fiqsante.qc.ca\\\/en\\\/generations-stand-up-standing-together\\\/#primaryimage\"},\"image\":{\"@id\":\"https:\\\/\\\/www.fiqsante.qc.ca\\\/en\\\/generations-stand-up-standing-together\\\/#primaryimage\"},\"thumbnailUrl\":\"https:\\\/\\\/www.fiqsante.qc.ca\\\/wp-content\\\/uploads\\\/2026\\\/01\\\/coll8mars-declinaisons-num-youtube-en-o2-1.jpg\",\"datePublished\":\"2026-01-23T13:54:57+00:00\",\"dateModified\":\"2026-03-03T15:24:08+00:00\",\"author\":{\"@id\":\"https:\\\/\\\/www.fiqsante.qc.ca\\\/en\\\/#\\\/schema\\\/person\\\/e4cd421486cf950acd26794b9d29516f\"},\"breadcrumb\":{\"@id\":\"https:\\\/\\\/www.fiqsante.qc.ca\\\/en\\\/generations-stand-up-standing-together\\\/#breadcrumb\"},\"inLanguage\":\"en-US\",\"potentialAction\":[{\"@type\":\"ReadAction\",\"target\":[\"https:\\\/\\\/www.fiqsante.qc.ca\\\/en\\\/generations-stand-up-standing-together\\\/\"]}]},{\"@type\":\"ImageObject\",\"inLanguage\":\"en-US\",\"@id\":\"https:\\\/\\\/www.fiqsante.qc.ca\\\/en\\\/generations-stand-up-standing-together\\\/#primaryimage\",\"url\":\"https:\\\/\\\/www.fiqsante.qc.ca\\\/wp-content\\\/uploads\\\/2026\\\/01\\\/coll8mars-declinaisons-num-youtube-en-o2-1.jpg\",\"contentUrl\":\"https:\\\/\\\/www.fiqsante.qc.ca\\\/wp-content\\\/uploads\\\/2026\\\/01\\\/coll8mars-declinaisons-num-youtube-en-o2-1.jpg\",\"width\":1920,\"height\":1080},{\"@type\":\"BreadcrumbList\",\"@id\":\"https:\\\/\\\/www.fiqsante.qc.ca\\\/en\\\/generations-stand-up-standing-together\\\/#breadcrumb\",\"itemListElement\":[{\"@type\":\"ListItem\",\"position\":1,\"name\":\"Home\",\"item\":\"https:\\\/\\\/www.fiqsante.qc.ca\\\/en\\\/\"},{\"@type\":\"ListItem\",\"position\":2,\"name\":\"Generations STAND UP! | Standing together\"}]},{\"@type\":\"WebSite\",\"@id\":\"https:\\\/\\\/www.fiqsante.qc.ca\\\/en\\\/#website\",\"url\":\"https:\\\/\\\/www.fiqsante.qc.ca\\\/en\\\/\",\"name\":\"F\u00e9d\u00e9ration interprofessionnelle de la sant\u00e9 du Qu\u00e9bec\",\"description\":\"\",\"potentialAction\":[{\"@type\":\"SearchAction\",\"target\":{\"@type\":\"EntryPoint\",\"urlTemplate\":\"https:\\\/\\\/www.fiqsante.qc.ca\\\/en\\\/?s={search_term_string}\"},\"query-input\":{\"@type\":\"PropertyValueSpecification\",\"valueRequired\":true,\"valueName\":\"search_term_string\"}}],\"inLanguage\":\"en-US\"},{\"@type\":\"Person\",\"@id\":\"https:\\\/\\\/www.fiqsante.qc.ca\\\/en\\\/#\\\/schema\\\/person\\\/e4cd421486cf950acd26794b9d29516f\",\"name\":\"Benoit Riopel\",\"image\":{\"@type\":\"ImageObject\",\"inLanguage\":\"en-US\",\"@id\":\"https:\\\/\\\/secure.gravatar.com\\\/avatar\\\/8ed20e184330cb16b735ae458df5cffc766021d3034fd6312ded0e51c324639e?s=96&d=mm&r=g\",\"url\":\"https:\\\/\\\/secure.gravatar.com\\\/avatar\\\/8ed20e184330cb16b735ae458df5cffc766021d3034fd6312ded0e51c324639e?s=96&d=mm&r=g\",\"contentUrl\":\"https:\\\/\\\/secure.gravatar.com\\\/avatar\\\/8ed20e184330cb16b735ae458df5cffc766021d3034fd6312ded0e51c324639e?s=96&d=mm&r=g\",\"caption\":\"Benoit Riopel\"}}]}<\/script>\n<!-- \/ Yoast SEO plugin. -->","yoast_head_json":{"title":"Generations STAND UP! | Standing together - F\u00e9d\u00e9ration interprofessionnelle de la sant\u00e9 du Qu\u00e9bec","robots":{"index":"index","follow":"follow","max-snippet":"max-snippet:-1","max-image-preview":"max-image-preview:large","max-video-preview":"max-video-preview:-1"},"canonical":"https:\/\/www.fiqsante.qc.ca\/en\/generations-stand-up-standing-together\/","og_locale":"en_US","og_type":"article","og_title":"Generations STAND UP! | Standing together - F\u00e9d\u00e9ration interprofessionnelle de la sant\u00e9 du Qu\u00e9bec","og_description":"With just a few weeks to go until the International Day of Women\u2019s Rights, the Collectif 8 mars is now unveiling the slogan and visual for the 2026 edition: Generations STAND UP!","og_url":"https:\/\/www.fiqsante.qc.ca\/en\/generations-stand-up-standing-together\/","og_site_name":"F\u00e9d\u00e9ration interprofessionnelle de la sant\u00e9 du Qu\u00e9bec","article_published_time":"2026-01-23T13:54:57+00:00","article_modified_time":"2026-03-03T15:24:08+00:00","og_image":[{"width":1920,"height":1080,"url":"https:\/\/www.fiqsante.qc.ca\/wp-content\/uploads\/2026\/01\/coll8mars-declinaisons-num-youtube-en-o2-1.jpg","type":"image\/jpeg"}],"author":"Benoit Riopel","twitter_card":"summary_large_image","twitter_misc":{"Written by":"Benoit Riopel","Est. reading time":"3 minutes"},"schema":{"@context":"https:\/\/schema.org","@graph":[{"@type":"Article","@id":"https:\/\/www.fiqsante.qc.ca\/en\/generations-stand-up-standing-together\/#article","isPartOf":{"@id":"https:\/\/www.fiqsante.qc.ca\/en\/generations-stand-up-standing-together\/"},"author":{"name":"Benoit Riopel","@id":"https:\/\/www.fiqsante.qc.ca\/en\/#\/schema\/person\/e4cd421486cf950acd26794b9d29516f"},"headline":"Generations STAND UP! | Standing together","datePublished":"2026-01-23T13:54:57+00:00","dateModified":"2026-03-03T15:24:08+00:00","mainEntityOfPage":{"@id":"https:\/\/www.fiqsante.qc.ca\/en\/generations-stand-up-standing-together\/"},"wordCount":459,"commentCount":0,"image":{"@id":"https:\/\/www.fiqsante.qc.ca\/en\/generations-stand-up-standing-together\/#primaryimage"},"thumbnailUrl":"https:\/\/www.fiqsante.qc.ca\/wp-content\/uploads\/2026\/01\/coll8mars-declinaisons-num-youtube-en-o2-1.jpg","articleSection":["Non classifi\u00e9(e)"],"inLanguage":"en-US","potentialAction":[{"@type":"CommentAction","name":"Comment","target":["https:\/\/www.fiqsante.qc.ca\/en\/generations-stand-up-standing-together\/#respond"]}]},{"@type":"WebPage","@id":"https:\/\/www.fiqsante.qc.ca\/en\/generations-stand-up-standing-together\/","url":"https:\/\/www.fiqsante.qc.ca\/en\/generations-stand-up-standing-together\/","name":"Generations STAND UP! | Standing together - F\u00e9d\u00e9ration interprofessionnelle de la sant\u00e9 du Qu\u00e9bec","isPartOf":{"@id":"https:\/\/www.fiqsante.qc.ca\/en\/#website"},"primaryImageOfPage":{"@id":"https:\/\/www.fiqsante.qc.ca\/en\/generations-stand-up-standing-together\/#primaryimage"},"image":{"@id":"https:\/\/www.fiqsante.qc.ca\/en\/generations-stand-up-standing-together\/#primaryimage"},"thumbnailUrl":"https:\/\/www.fiqsante.qc.ca\/wp-content\/uploads\/2026\/01\/coll8mars-declinaisons-num-youtube-en-o2-1.jpg","datePublished":"2026-01-23T13:54:57+00:00","dateModified":"2026-03-03T15:24:08+00:00","author":{"@id":"https:\/\/www.fiqsante.qc.ca\/en\/#\/schema\/person\/e4cd421486cf950acd26794b9d29516f"},"breadcrumb":{"@id":"https:\/\/www.fiqsante.qc.ca\/en\/generations-stand-up-standing-together\/#breadcrumb"},"inLanguage":"en-US","potentialAction":[{"@type":"ReadAction","target":["https:\/\/www.fiqsante.qc.ca\/en\/generations-stand-up-standing-together\/"]}]},{"@type":"ImageObject","inLanguage":"en-US","@id":"https:\/\/www.fiqsante.qc.ca\/en\/generations-stand-up-standing-together\/#primaryimage","url":"https:\/\/www.fiqsante.qc.ca\/wp-content\/uploads\/2026\/01\/coll8mars-declinaisons-num-youtube-en-o2-1.jpg","contentUrl":"https:\/\/www.fiqsante.qc.ca\/wp-content\/uploads\/2026\/01\/coll8mars-declinaisons-num-youtube-en-o2-1.jpg","width":1920,"height":1080},{"@type":"BreadcrumbList","@id":"https:\/\/www.fiqsante.qc.ca\/en\/generations-stand-up-standing-together\/#breadcrumb","itemListElement":[{"@type":"ListItem","position":1,"name":"Home","item":"https:\/\/www.fiqsante.qc.ca\/en\/"},{"@type":"ListItem","position":2,"name":"Generations STAND UP! | Standing together"}]},{"@type":"WebSite","@id":"https:\/\/www.fiqsante.qc.ca\/en\/#website","url":"https:\/\/www.fiqsante.qc.ca\/en\/","name":"F\u00e9d\u00e9ration interprofessionnelle de la sant\u00e9 du Qu\u00e9bec","description":"","potentialAction":[{"@type":"SearchAction","target":{"@type":"EntryPoint","urlTemplate":"https:\/\/www.fiqsante.qc.ca\/en\/?s={search_term_string}"},"query-input":{"@type":"PropertyValueSpecification","valueRequired":true,"valueName":"search_term_string"}}],"inLanguage":"en-US"},{"@type":"Person","@id":"https:\/\/www.fiqsante.qc.ca\/en\/#\/schema\/person\/e4cd421486cf950acd26794b9d29516f","name":"Benoit Riopel","image":{"@type":"ImageObject","inLanguage":"en-US","@id":"https:\/\/secure.gravatar.com\/avatar\/8ed20e184330cb16b735ae458df5cffc766021d3034fd6312ded0e51c324639e?s=96&d=mm&r=g","url":"https:\/\/secure.gravatar.com\/avatar\/8ed20e184330cb16b735ae458df5cffc766021d3034fd6312ded0e51c324639e?s=96&d=mm&r=g","contentUrl":"https:\/\/secure.gravatar.com\/avatar\/8ed20e184330cb16b735ae458df5cffc766021d3034fd6312ded0e51c324639e?s=96&d=mm&r=g","caption":"Benoit Riopel"}}]}},"_links":{"self":[{"href":"https:\/\/www.fiqsante.qc.ca\/en\/wp-json\/wp\/v2\/posts\/11338","targetHints":{"allow":["GET"]}}],"collection":[{"href":"https:\/\/www.fiqsante.qc.ca\/en\/wp-json\/wp\/v2\/posts"}],"about":[{"href":"https:\/\/www.fiqsante.qc.ca\/en\/wp-json\/wp\/v2\/types\/post"}],"author":[{"embeddable":true,"href":"https:\/\/www.fiqsante.qc.ca\/en\/wp-json\/wp\/v2\/users\/2"}],"replies":[{"embeddable":true,"href":"https:\/\/www.fiqsante.qc.ca\/en\/wp-json\/wp\/v2\/comments?post=11338"}],"version-history":[{"count":5,"href":"https:\/\/www.fiqsante.qc.ca\/en\/wp-json\/wp\/v2\/posts\/11338\/revisions"}],"predecessor-version":[{"id":11689,"href":"https:\/\/www.fiqsante.qc.ca\/en\/wp-json\/wp\/v2\/posts\/11338\/revisions\/11689"}],"wp:featuredmedia":[{"embeddable":true,"href":"https:\/\/www.fiqsante.qc.ca\/en\/wp-json\/wp\/v2\/media\/11427"}],"wp:attachment":[{"href":"https:\/\/www.fiqsante.qc.ca\/en\/wp-json\/wp\/v2\/media?parent=11338"}],"wp:term":[{"taxonomy":"category","embeddable":true,"href":"https:\/\/www.fiqsante.qc.ca\/en\/wp-json\/wp\/v2\/categories?post=11338"},{"taxonomy":"post_tag","embeddable":true,"href":"https:\/\/www.fiqsante.qc.ca\/en\/wp-json\/wp\/v2\/tags?post=11338"}],"curies":[{"name":"wp","href":"https:\/\/api.w.org\/{rel}","templated":true}]}}