{"id":4005,"date":"2024-09-04T16:07:29","date_gmt":"2024-09-04T20:07:29","guid":{"rendered":"https:\/\/www.fiqsante.qc.ca\/seance-intensive-de-negociation-le-conciliateur-convoque-les-parties\/"},"modified":"2024-09-04T16:11:33","modified_gmt":"2024-09-04T20:11:33","slug":"seance-intensive-de-negociation-le-conciliateur-convoque-les-parties","status":"publish","type":"post","link":"https:\/\/www.fiqsante.qc.ca\/en\/seance-intensive-de-negociation-le-conciliateur-convoque-les-parties\/","title":{"rendered":"Intensive bargaining session : The mediator summoned the parties"},"content":{"rendered":"<div class=\"wpb-content-wrapper\"><p>[vc_row][vc_column][vc_single_image image=&#8221;3887&#8243; img_size=&#8221;full&#8221; css=&#8221;&#8221;][vc_column_text css=&#8221;&#8221;]Info-n\u00e9go <strong>No 29,<\/strong> \n4 September 2024[\/vc_column_text][vc_column_text css=&#8221;.vc_custom_1725480537185{margin-bottom: 0px !important;}&#8221;]<\/p>\n<h5>Intensive bargaining session<\/h5>\n<p>[\/vc_column_text][vc_column_text css=&#8221;&#8221;]<\/p>\n<h2><strong>The mediator summoned the parties\u00a0<\/strong><\/h2>\n<p>[\/vc_column_text][vc_column_text css=&#8221;&#8221;]On September 3, the mediator, who has already been involved in our negotiation process for months, called the F\u00e9d\u00e9ration interprofessionnelle de la sant\u00e9 du Qu\u00e9bec \u2013 FIQ and the government for an intensive bargaining session.<\/p>\n<p>It is important to understand that the <strong>mediator\u2019s role<\/strong> is not to take sides or to impose decisions. The goal is to <strong>bring the two parties closer<\/strong> by listening to their points of view and suggesting solutions that could help overcome the blocks. For months, the mediator has been making attempts to <strong>facilitate dialogue<\/strong> between us and the employer party. He works on the sidelines, without taking a stance in public or in the media, and he respects the fact that disagreements are a normal part of any negotiations.<\/p>\n<p>He recently expressed concern over the growing tensions that, in his opinion, were likely going to further distance us from an agreement. It was with this in mind that he summoned us and the employer to resume discussions. He believes that<strong> bringing negotiations back to the table<\/strong> could help in finding acceptable solutions for both parties.<\/p>\n<p>That said, it is important to remember that this process does not change our determination to fight on. <strong>We remain firmly committed to defending our members\u2019 interests<\/strong>, to making our voice heard, and to responding to public statements we believe are false or not connected to the reality of healthcare professionals.<\/p>\n<p>We are participating in this intensive bargaining session with <strong>a clear goal: reaching an agreement that satisfies our members<\/strong>. The session started today, September 4, for the Negotiating Committee, while many of us made our voices heard at the Coalition Avenir Qu\u00e9bec caucus in Rimouski.<\/p>\n<p>Please keep an eye out for upcoming information because the <strong>fight continues<\/strong>, and <strong>we are staying mobilized<\/strong> for you.[\/vc_column_text][\/vc_column][\/vc_row]<\/p>\n<\/div>","protected":false},"excerpt":{"rendered":"<p>[vc_row][vc_column][vc_single_image image=&#8221;3887&#8243; img_size=&#8221;full&#8221; css=&#8221;&#8221;][vc_column_text css=&#8221;&#8221;]Info-n\u00e9go No 29, [\/vc_column_text][vc_column_text css=&#8221;.vc_custom_1725480537185{margin-bottom: 0px !important;}&#8221;] Intensive bargaining session [\/vc_column_text][vc_column_text css=&#8221;&#8221;] The mediator summoned the parties\u00a0 [\/vc_column_text][vc_column_text css=&#8221;&#8221;]On September 3, the mediator, who has already been involved in our negotiation process for months, called the F\u00e9d\u00e9ration interprofessionnelle de la sant\u00e9 du Qu\u00e9bec \u2013 FIQ and the government for an intensive [&hellip;]<\/p>\n","protected":false},"author":2,"featured_media":3766,"comment_status":"open","ping_status":"open","sticky":false,"template":"","format":"standard","meta":{"_acf_changed":false,"inline_featured_image":false,"footnotes":""},"categories":[49],"tags":[],"class_list":["post-4005","post","type-post","status-publish","format-standard","has-post-thumbnail","hentry","category-info-nego-en"],"acf":[],"yoast_head":"<!-- This site is optimized with the Yoast SEO plugin v27.5 - https:\/\/yoast.com\/product\/yoast-seo-wordpress\/ -->\n<title>Intensive bargaining session : The mediator summoned the parties - F\u00e9d\u00e9ration interprofessionnelle de la sant\u00e9 du Qu\u00e9bec<\/title>\n<meta name=\"robots\" content=\"index, follow, max-snippet:-1, max-image-preview:large, max-video-preview:-1\" \/>\n<link rel=\"canonical\" href=\"https:\/\/www.fiqsante.qc.ca\/en\/seance-intensive-de-negociation-le-conciliateur-convoque-les-parties\/\" \/>\n<meta property=\"og:locale\" content=\"en_US\" \/>\n<meta property=\"og:type\" content=\"article\" \/>\n<meta property=\"og:title\" content=\"Intensive bargaining session : The mediator summoned the parties - F\u00e9d\u00e9ration interprofessionnelle de la sant\u00e9 du Qu\u00e9bec\" \/>\n<meta property=\"og:description\" content=\"[vc_row][vc_column][vc_single_image image=&#8221;3887&#8243; img_size=&#8221;full&#8221; css=&#8221;&#8221;][vc_column_text css=&#8221;&#8221;]Info-n\u00e9go No 29, [\/vc_column_text][vc_column_text css=&#8221;.vc_custom_1725480537185{margin-bottom: 0px !important;}&#8221;] Intensive bargaining session [\/vc_column_text][vc_column_text css=&#8221;&#8221;] The mediator summoned the parties\u00a0 [\/vc_column_text][vc_column_text css=&#8221;&#8221;]On September 3, the mediator, who has already been involved in our negotiation process for months, called the F\u00e9d\u00e9ration interprofessionnelle de la sant\u00e9 du Qu\u00e9bec \u2013 FIQ and the government for an intensive [&hellip;]\" \/>\n<meta property=\"og:url\" content=\"https:\/\/www.fiqsante.qc.ca\/en\/seance-intensive-de-negociation-le-conciliateur-convoque-les-parties\/\" \/>\n<meta property=\"og:site_name\" content=\"F\u00e9d\u00e9ration interprofessionnelle de la sant\u00e9 du Qu\u00e9bec\" \/>\n<meta property=\"article:published_time\" content=\"2024-09-04T20:07:29+00:00\" \/>\n<meta property=\"article:modified_time\" content=\"2024-09-04T20:11:33+00:00\" \/>\n<meta property=\"og:image\" content=\"https:\/\/www.fiqsante.qc.ca\/wp-content\/uploads\/2024\/08\/2-3.jpg\" \/>\n\t<meta property=\"og:image:width\" content=\"850\" \/>\n\t<meta property=\"og:image:height\" content=\"550\" \/>\n\t<meta property=\"og:image:type\" content=\"image\/jpeg\" \/>\n<meta name=\"author\" content=\"Benoit Riopel\" \/>\n<meta name=\"twitter:card\" content=\"summary_large_image\" \/>\n<meta name=\"twitter:label1\" content=\"Written by\" \/>\n\t<meta name=\"twitter:data1\" content=\"Benoit Riopel\" \/>\n\t<meta name=\"twitter:label2\" content=\"Est. reading time\" \/>\n\t<meta name=\"twitter:data2\" content=\"3 minutes\" \/>\n<script type=\"application\/ld+json\" class=\"yoast-schema-graph\">{\"@context\":\"https:\\\/\\\/schema.org\",\"@graph\":[{\"@type\":\"Article\",\"@id\":\"https:\\\/\\\/www.fiqsante.qc.ca\\\/en\\\/seance-intensive-de-negociation-le-conciliateur-convoque-les-parties\\\/#article\",\"isPartOf\":{\"@id\":\"https:\\\/\\\/www.fiqsante.qc.ca\\\/en\\\/seance-intensive-de-negociation-le-conciliateur-convoque-les-parties\\\/\"},\"author\":{\"name\":\"Benoit Riopel\",\"@id\":\"https:\\\/\\\/www.fiqsante.qc.ca\\\/en\\\/#\\\/schema\\\/person\\\/e4cd421486cf950acd26794b9d29516f\"},\"headline\":\"Intensive bargaining session : The mediator summoned the parties\",\"datePublished\":\"2024-09-04T20:07:29+00:00\",\"dateModified\":\"2024-09-04T20:11:33+00:00\",\"mainEntityOfPage\":{\"@id\":\"https:\\\/\\\/www.fiqsante.qc.ca\\\/en\\\/seance-intensive-de-negociation-le-conciliateur-convoque-les-parties\\\/\"},\"wordCount\":369,\"commentCount\":0,\"image\":{\"@id\":\"https:\\\/\\\/www.fiqsante.qc.ca\\\/en\\\/seance-intensive-de-negociation-le-conciliateur-convoque-les-parties\\\/#primaryimage\"},\"thumbnailUrl\":\"https:\\\/\\\/www.fiqsante.qc.ca\\\/wp-content\\\/uploads\\\/2024\\\/08\\\/2-3.jpg\",\"articleSection\":[\"Info-n\u00e9go\"],\"inLanguage\":\"en-US\",\"potentialAction\":[{\"@type\":\"CommentAction\",\"name\":\"Comment\",\"target\":[\"https:\\\/\\\/www.fiqsante.qc.ca\\\/en\\\/seance-intensive-de-negociation-le-conciliateur-convoque-les-parties\\\/#respond\"]}]},{\"@type\":\"WebPage\",\"@id\":\"https:\\\/\\\/www.fiqsante.qc.ca\\\/en\\\/seance-intensive-de-negociation-le-conciliateur-convoque-les-parties\\\/\",\"url\":\"https:\\\/\\\/www.fiqsante.qc.ca\\\/en\\\/seance-intensive-de-negociation-le-conciliateur-convoque-les-parties\\\/\",\"name\":\"Intensive bargaining session : The mediator summoned the parties - F\u00e9d\u00e9ration interprofessionnelle de la sant\u00e9 du Qu\u00e9bec\",\"isPartOf\":{\"@id\":\"https:\\\/\\\/www.fiqsante.qc.ca\\\/en\\\/#website\"},\"primaryImageOfPage\":{\"@id\":\"https:\\\/\\\/www.fiqsante.qc.ca\\\/en\\\/seance-intensive-de-negociation-le-conciliateur-convoque-les-parties\\\/#primaryimage\"},\"image\":{\"@id\":\"https:\\\/\\\/www.fiqsante.qc.ca\\\/en\\\/seance-intensive-de-negociation-le-conciliateur-convoque-les-parties\\\/#primaryimage\"},\"thumbnailUrl\":\"https:\\\/\\\/www.fiqsante.qc.ca\\\/wp-content\\\/uploads\\\/2024\\\/08\\\/2-3.jpg\",\"datePublished\":\"2024-09-04T20:07:29+00:00\",\"dateModified\":\"2024-09-04T20:11:33+00:00\",\"author\":{\"@id\":\"https:\\\/\\\/www.fiqsante.qc.ca\\\/en\\\/#\\\/schema\\\/person\\\/e4cd421486cf950acd26794b9d29516f\"},\"breadcrumb\":{\"@id\":\"https:\\\/\\\/www.fiqsante.qc.ca\\\/en\\\/seance-intensive-de-negociation-le-conciliateur-convoque-les-parties\\\/#breadcrumb\"},\"inLanguage\":\"en-US\",\"potentialAction\":[{\"@type\":\"ReadAction\",\"target\":[\"https:\\\/\\\/www.fiqsante.qc.ca\\\/en\\\/seance-intensive-de-negociation-le-conciliateur-convoque-les-parties\\\/\"]}]},{\"@type\":\"ImageObject\",\"inLanguage\":\"en-US\",\"@id\":\"https:\\\/\\\/www.fiqsante.qc.ca\\\/en\\\/seance-intensive-de-negociation-le-conciliateur-convoque-les-parties\\\/#primaryimage\",\"url\":\"https:\\\/\\\/www.fiqsante.qc.ca\\\/wp-content\\\/uploads\\\/2024\\\/08\\\/2-3.jpg\",\"contentUrl\":\"https:\\\/\\\/www.fiqsante.qc.ca\\\/wp-content\\\/uploads\\\/2024\\\/08\\\/2-3.jpg\",\"width\":850,\"height\":550},{\"@type\":\"BreadcrumbList\",\"@id\":\"https:\\\/\\\/www.fiqsante.qc.ca\\\/en\\\/seance-intensive-de-negociation-le-conciliateur-convoque-les-parties\\\/#breadcrumb\",\"itemListElement\":[{\"@type\":\"ListItem\",\"position\":1,\"name\":\"Home\",\"item\":\"https:\\\/\\\/www.fiqsante.qc.ca\\\/en\\\/\"},{\"@type\":\"ListItem\",\"position\":2,\"name\":\"Intensive bargaining session : The mediator summoned the parties\"}]},{\"@type\":\"WebSite\",\"@id\":\"https:\\\/\\\/www.fiqsante.qc.ca\\\/en\\\/#website\",\"url\":\"https:\\\/\\\/www.fiqsante.qc.ca\\\/en\\\/\",\"name\":\"F\u00e9d\u00e9ration interprofessionnelle de la sant\u00e9 du Qu\u00e9bec\",\"description\":\"\",\"potentialAction\":[{\"@type\":\"SearchAction\",\"target\":{\"@type\":\"EntryPoint\",\"urlTemplate\":\"https:\\\/\\\/www.fiqsante.qc.ca\\\/en\\\/?s={search_term_string}\"},\"query-input\":{\"@type\":\"PropertyValueSpecification\",\"valueRequired\":true,\"valueName\":\"search_term_string\"}}],\"inLanguage\":\"en-US\"},{\"@type\":\"Person\",\"@id\":\"https:\\\/\\\/www.fiqsante.qc.ca\\\/en\\\/#\\\/schema\\\/person\\\/e4cd421486cf950acd26794b9d29516f\",\"name\":\"Benoit Riopel\",\"image\":{\"@type\":\"ImageObject\",\"inLanguage\":\"en-US\",\"@id\":\"https:\\\/\\\/secure.gravatar.com\\\/avatar\\\/8ed20e184330cb16b735ae458df5cffc766021d3034fd6312ded0e51c324639e?s=96&d=mm&r=g\",\"url\":\"https:\\\/\\\/secure.gravatar.com\\\/avatar\\\/8ed20e184330cb16b735ae458df5cffc766021d3034fd6312ded0e51c324639e?s=96&d=mm&r=g\",\"contentUrl\":\"https:\\\/\\\/secure.gravatar.com\\\/avatar\\\/8ed20e184330cb16b735ae458df5cffc766021d3034fd6312ded0e51c324639e?s=96&d=mm&r=g\",\"caption\":\"Benoit Riopel\"}}]}<\/script>\n<!-- \/ Yoast SEO plugin. -->","yoast_head_json":{"title":"Intensive bargaining session : The mediator summoned the parties - F\u00e9d\u00e9ration interprofessionnelle de la sant\u00e9 du Qu\u00e9bec","robots":{"index":"index","follow":"follow","max-snippet":"max-snippet:-1","max-image-preview":"max-image-preview:large","max-video-preview":"max-video-preview:-1"},"canonical":"https:\/\/www.fiqsante.qc.ca\/en\/seance-intensive-de-negociation-le-conciliateur-convoque-les-parties\/","og_locale":"en_US","og_type":"article","og_title":"Intensive bargaining session : The mediator summoned the parties - F\u00e9d\u00e9ration interprofessionnelle de la sant\u00e9 du Qu\u00e9bec","og_description":"[vc_row][vc_column][vc_single_image image=&#8221;3887&#8243; img_size=&#8221;full&#8221; css=&#8221;&#8221;][vc_column_text css=&#8221;&#8221;]Info-n\u00e9go No 29, [\/vc_column_text][vc_column_text css=&#8221;.vc_custom_1725480537185{margin-bottom: 0px !important;}&#8221;] Intensive bargaining session [\/vc_column_text][vc_column_text css=&#8221;&#8221;] The mediator summoned the parties\u00a0 [\/vc_column_text][vc_column_text css=&#8221;&#8221;]On September 3, the mediator, who has already been involved in our negotiation process for months, called the F\u00e9d\u00e9ration interprofessionnelle de la sant\u00e9 du Qu\u00e9bec \u2013 FIQ and the government for an intensive [&hellip;]","og_url":"https:\/\/www.fiqsante.qc.ca\/en\/seance-intensive-de-negociation-le-conciliateur-convoque-les-parties\/","og_site_name":"F\u00e9d\u00e9ration interprofessionnelle de la sant\u00e9 du Qu\u00e9bec","article_published_time":"2024-09-04T20:07:29+00:00","article_modified_time":"2024-09-04T20:11:33+00:00","og_image":[{"width":850,"height":550,"url":"https:\/\/www.fiqsante.qc.ca\/wp-content\/uploads\/2024\/08\/2-3.jpg","type":"image\/jpeg"}],"author":"Benoit Riopel","twitter_card":"summary_large_image","twitter_misc":{"Written by":"Benoit Riopel","Est. reading time":"3 minutes"},"schema":{"@context":"https:\/\/schema.org","@graph":[{"@type":"Article","@id":"https:\/\/www.fiqsante.qc.ca\/en\/seance-intensive-de-negociation-le-conciliateur-convoque-les-parties\/#article","isPartOf":{"@id":"https:\/\/www.fiqsante.qc.ca\/en\/seance-intensive-de-negociation-le-conciliateur-convoque-les-parties\/"},"author":{"name":"Benoit Riopel","@id":"https:\/\/www.fiqsante.qc.ca\/en\/#\/schema\/person\/e4cd421486cf950acd26794b9d29516f"},"headline":"Intensive bargaining session : The mediator summoned the parties","datePublished":"2024-09-04T20:07:29+00:00","dateModified":"2024-09-04T20:11:33+00:00","mainEntityOfPage":{"@id":"https:\/\/www.fiqsante.qc.ca\/en\/seance-intensive-de-negociation-le-conciliateur-convoque-les-parties\/"},"wordCount":369,"commentCount":0,"image":{"@id":"https:\/\/www.fiqsante.qc.ca\/en\/seance-intensive-de-negociation-le-conciliateur-convoque-les-parties\/#primaryimage"},"thumbnailUrl":"https:\/\/www.fiqsante.qc.ca\/wp-content\/uploads\/2024\/08\/2-3.jpg","articleSection":["Info-n\u00e9go"],"inLanguage":"en-US","potentialAction":[{"@type":"CommentAction","name":"Comment","target":["https:\/\/www.fiqsante.qc.ca\/en\/seance-intensive-de-negociation-le-conciliateur-convoque-les-parties\/#respond"]}]},{"@type":"WebPage","@id":"https:\/\/www.fiqsante.qc.ca\/en\/seance-intensive-de-negociation-le-conciliateur-convoque-les-parties\/","url":"https:\/\/www.fiqsante.qc.ca\/en\/seance-intensive-de-negociation-le-conciliateur-convoque-les-parties\/","name":"Intensive bargaining session : The mediator summoned the parties - F\u00e9d\u00e9ration interprofessionnelle de la sant\u00e9 du Qu\u00e9bec","isPartOf":{"@id":"https:\/\/www.fiqsante.qc.ca\/en\/#website"},"primaryImageOfPage":{"@id":"https:\/\/www.fiqsante.qc.ca\/en\/seance-intensive-de-negociation-le-conciliateur-convoque-les-parties\/#primaryimage"},"image":{"@id":"https:\/\/www.fiqsante.qc.ca\/en\/seance-intensive-de-negociation-le-conciliateur-convoque-les-parties\/#primaryimage"},"thumbnailUrl":"https:\/\/www.fiqsante.qc.ca\/wp-content\/uploads\/2024\/08\/2-3.jpg","datePublished":"2024-09-04T20:07:29+00:00","dateModified":"2024-09-04T20:11:33+00:00","author":{"@id":"https:\/\/www.fiqsante.qc.ca\/en\/#\/schema\/person\/e4cd421486cf950acd26794b9d29516f"},"breadcrumb":{"@id":"https:\/\/www.fiqsante.qc.ca\/en\/seance-intensive-de-negociation-le-conciliateur-convoque-les-parties\/#breadcrumb"},"inLanguage":"en-US","potentialAction":[{"@type":"ReadAction","target":["https:\/\/www.fiqsante.qc.ca\/en\/seance-intensive-de-negociation-le-conciliateur-convoque-les-parties\/"]}]},{"@type":"ImageObject","inLanguage":"en-US","@id":"https:\/\/www.fiqsante.qc.ca\/en\/seance-intensive-de-negociation-le-conciliateur-convoque-les-parties\/#primaryimage","url":"https:\/\/www.fiqsante.qc.ca\/wp-content\/uploads\/2024\/08\/2-3.jpg","contentUrl":"https:\/\/www.fiqsante.qc.ca\/wp-content\/uploads\/2024\/08\/2-3.jpg","width":850,"height":550},{"@type":"BreadcrumbList","@id":"https:\/\/www.fiqsante.qc.ca\/en\/seance-intensive-de-negociation-le-conciliateur-convoque-les-parties\/#breadcrumb","itemListElement":[{"@type":"ListItem","position":1,"name":"Home","item":"https:\/\/www.fiqsante.qc.ca\/en\/"},{"@type":"ListItem","position":2,"name":"Intensive bargaining session : The mediator summoned the parties"}]},{"@type":"WebSite","@id":"https:\/\/www.fiqsante.qc.ca\/en\/#website","url":"https:\/\/www.fiqsante.qc.ca\/en\/","name":"F\u00e9d\u00e9ration interprofessionnelle de la sant\u00e9 du Qu\u00e9bec","description":"","potentialAction":[{"@type":"SearchAction","target":{"@type":"EntryPoint","urlTemplate":"https:\/\/www.fiqsante.qc.ca\/en\/?s={search_term_string}"},"query-input":{"@type":"PropertyValueSpecification","valueRequired":true,"valueName":"search_term_string"}}],"inLanguage":"en-US"},{"@type":"Person","@id":"https:\/\/www.fiqsante.qc.ca\/en\/#\/schema\/person\/e4cd421486cf950acd26794b9d29516f","name":"Benoit Riopel","image":{"@type":"ImageObject","inLanguage":"en-US","@id":"https:\/\/secure.gravatar.com\/avatar\/8ed20e184330cb16b735ae458df5cffc766021d3034fd6312ded0e51c324639e?s=96&d=mm&r=g","url":"https:\/\/secure.gravatar.com\/avatar\/8ed20e184330cb16b735ae458df5cffc766021d3034fd6312ded0e51c324639e?s=96&d=mm&r=g","contentUrl":"https:\/\/secure.gravatar.com\/avatar\/8ed20e184330cb16b735ae458df5cffc766021d3034fd6312ded0e51c324639e?s=96&d=mm&r=g","caption":"Benoit Riopel"}}]}},"_links":{"self":[{"href":"https:\/\/www.fiqsante.qc.ca\/en\/wp-json\/wp\/v2\/posts\/4005","targetHints":{"allow":["GET"]}}],"collection":[{"href":"https:\/\/www.fiqsante.qc.ca\/en\/wp-json\/wp\/v2\/posts"}],"about":[{"href":"https:\/\/www.fiqsante.qc.ca\/en\/wp-json\/wp\/v2\/types\/post"}],"author":[{"embeddable":true,"href":"https:\/\/www.fiqsante.qc.ca\/en\/wp-json\/wp\/v2\/users\/2"}],"replies":[{"embeddable":true,"href":"https:\/\/www.fiqsante.qc.ca\/en\/wp-json\/wp\/v2\/comments?post=4005"}],"version-history":[{"count":3,"href":"https:\/\/www.fiqsante.qc.ca\/en\/wp-json\/wp\/v2\/posts\/4005\/revisions"}],"predecessor-version":[{"id":4008,"href":"https:\/\/www.fiqsante.qc.ca\/en\/wp-json\/wp\/v2\/posts\/4005\/revisions\/4008"}],"wp:featuredmedia":[{"embeddable":true,"href":"https:\/\/www.fiqsante.qc.ca\/en\/wp-json\/wp\/v2\/media\/3766"}],"wp:attachment":[{"href":"https:\/\/www.fiqsante.qc.ca\/en\/wp-json\/wp\/v2\/media?parent=4005"}],"wp:term":[{"taxonomy":"category","embeddable":true,"href":"https:\/\/www.fiqsante.qc.ca\/en\/wp-json\/wp\/v2\/categories?post=4005"},{"taxonomy":"post_tag","embeddable":true,"href":"https:\/\/www.fiqsante.qc.ca\/en\/wp-json\/wp\/v2\/tags?post=4005"}],"curies":[{"name":"wp","href":"https:\/\/api.w.org\/{rel}","templated":true}]}}