{"id":5534,"date":"2024-12-05T16:37:18","date_gmt":"2024-12-05T21:37:18","guid":{"rendered":"https:\/\/www.fiqsante.qc.ca\/la-nouvelle-convention-collective-est-signee\/"},"modified":"2024-12-05T16:39:52","modified_gmt":"2024-12-05T21:39:52","slug":"the-new-collective-agreement-is-signed","status":"publish","type":"post","link":"https:\/\/www.fiqsante.qc.ca\/en\/the-new-collective-agreement-is-signed\/","title":{"rendered":"The new collective agreement is signed!"},"content":{"rendered":"<div class=\"wpb-content-wrapper\"><p>[vc_row][vc_column][vc_single_image image=&#8221;5529&#8243; img_size=&#8221;full&#8221; css=&#8221;&#8221;][vc_column_text css=&#8221;&#8221;]Info-n\u00e9go <strong>No 35,<\/strong> \n5 December 2024[\/vc_column_text][vc_column_text]<\/p>\n<h2>\nThe new collective agreement is signed!<\/h2>\n<p>[\/vc_column_text][vc_column_text css=&#8221;&#8221;]<strong>We are happy to announce that the FIQ and the government signed the new \u00a0\u00a0\u00a02024-2028 collective agreement today<\/strong><\/p>\n<p>This marks the official end of negotiations and the going into force of your new provincial collective agreement on December 15, 2024, including the premium for critical periods which officially starts on that date. Over the last few weeks, we have done everything possible to ensure that the texts are finalized as quickly as possible, so that you can quickly benefit from the progress made in this round of negotiations.<\/p>\n<p>That said, it is now time <strong>to apply the new negotiated texts. <\/strong>Your union representatives will ensure that the deployment complies with the signed texts, and you have a key role to play in this process. <strong>You are in the best position to see this deployment <\/strong>on a day-to-day basis and inform your local team about anything that does not comply with the gains obtained.<\/p>\n<p>Go to the <a href=\"\/en\/conditions\/negotiations\/\">webpage<\/a> for more details on the entry into force of the <strong>new salary scales<\/strong>, the payment of <strong>retroactive salary<\/strong>, as well as the entry into force of the <strong>other provisions of the new collective agreement<\/strong>.[\/vc_column_text][\/vc_column][\/vc_row]<\/p>\n<\/div>","protected":false},"excerpt":{"rendered":"<p>[vc_row][vc_column][vc_single_image image=&#8221;5529&#8243; img_size=&#8221;full&#8221; css=&#8221;&#8221;][vc_column_text css=&#8221;&#8221;]Info-n\u00e9go No 35, [\/vc_column_text][vc_column_text] [\/vc_column_text][vc_column_text css=&#8221;&#8221;]We are happy to announce that the FIQ and the government signed the new \u00a0\u00a0\u00a02024-2028 collective agreement today This marks the official end of negotiations and the going into force of your new provincial collective agreement on December 15, 2024, including the premium for critical periods [&hellip;]<\/p>\n","protected":false},"author":2,"featured_media":5493,"comment_status":"open","ping_status":"open","sticky":false,"template":"","format":"standard","meta":{"_acf_changed":false,"inline_featured_image":false,"footnotes":""},"categories":[49],"tags":[],"class_list":["post-5534","post","type-post","status-publish","format-standard","has-post-thumbnail","hentry","category-info-nego-en"],"acf":[],"yoast_head":"<!-- This site is optimized with the Yoast SEO plugin v27.5 - https:\/\/yoast.com\/product\/yoast-seo-wordpress\/ -->\n<title>The new collective agreement is signed! - F\u00e9d\u00e9ration interprofessionnelle de la sant\u00e9 du Qu\u00e9bec<\/title>\n<meta name=\"robots\" content=\"index, follow, max-snippet:-1, max-image-preview:large, max-video-preview:-1\" \/>\n<link rel=\"canonical\" href=\"https:\/\/www.fiqsante.qc.ca\/en\/the-new-collective-agreement-is-signed\/\" \/>\n<meta property=\"og:locale\" content=\"en_US\" \/>\n<meta property=\"og:type\" content=\"article\" \/>\n<meta property=\"og:title\" content=\"The new collective agreement is signed! - F\u00e9d\u00e9ration interprofessionnelle de la sant\u00e9 du Qu\u00e9bec\" \/>\n<meta property=\"og:description\" content=\"[vc_row][vc_column][vc_single_image image=&#8221;5529&#8243; img_size=&#8221;full&#8221; css=&#8221;&#8221;][vc_column_text css=&#8221;&#8221;]Info-n\u00e9go No 35, [\/vc_column_text][vc_column_text] [\/vc_column_text][vc_column_text css=&#8221;&#8221;]We are happy to announce that the FIQ and the government signed the new \u00a0\u00a0\u00a02024-2028 collective agreement today This marks the official end of negotiations and the going into force of your new provincial collective agreement on December 15, 2024, including the premium for critical periods [&hellip;]\" \/>\n<meta property=\"og:url\" content=\"https:\/\/www.fiqsante.qc.ca\/en\/the-new-collective-agreement-is-signed\/\" \/>\n<meta property=\"og:site_name\" content=\"F\u00e9d\u00e9ration interprofessionnelle de la sant\u00e9 du Qu\u00e9bec\" \/>\n<meta property=\"article:published_time\" content=\"2024-12-05T21:37:18+00:00\" \/>\n<meta property=\"article:modified_time\" content=\"2024-12-05T21:39:52+00:00\" \/>\n<meta property=\"og:image\" content=\"https:\/\/www.fiqsante.qc.ca\/wp-content\/uploads\/2024\/12\/signature-cc-2024-fiq-850x850-1.png\" \/>\n\t<meta property=\"og:image:width\" content=\"850\" \/>\n\t<meta property=\"og:image:height\" content=\"550\" \/>\n\t<meta property=\"og:image:type\" content=\"image\/png\" \/>\n<meta name=\"author\" content=\"Benoit Riopel\" \/>\n<meta name=\"twitter:card\" content=\"summary_large_image\" \/>\n<meta name=\"twitter:label1\" content=\"Written by\" \/>\n\t<meta name=\"twitter:data1\" content=\"Benoit Riopel\" \/>\n\t<meta name=\"twitter:label2\" content=\"Est. reading time\" \/>\n\t<meta name=\"twitter:data2\" content=\"2 minutes\" \/>\n<script type=\"application\/ld+json\" class=\"yoast-schema-graph\">{\"@context\":\"https:\\\/\\\/schema.org\",\"@graph\":[{\"@type\":\"Article\",\"@id\":\"https:\\\/\\\/www.fiqsante.qc.ca\\\/en\\\/the-new-collective-agreement-is-signed\\\/#article\",\"isPartOf\":{\"@id\":\"https:\\\/\\\/www.fiqsante.qc.ca\\\/en\\\/the-new-collective-agreement-is-signed\\\/\"},\"author\":{\"name\":\"Benoit Riopel\",\"@id\":\"https:\\\/\\\/www.fiqsante.qc.ca\\\/en\\\/#\\\/schema\\\/person\\\/e4cd421486cf950acd26794b9d29516f\"},\"headline\":\"The new collective agreement is signed!\",\"datePublished\":\"2024-12-05T21:37:18+00:00\",\"dateModified\":\"2024-12-05T21:39:52+00:00\",\"mainEntityOfPage\":{\"@id\":\"https:\\\/\\\/www.fiqsante.qc.ca\\\/en\\\/the-new-collective-agreement-is-signed\\\/\"},\"wordCount\":242,\"commentCount\":0,\"image\":{\"@id\":\"https:\\\/\\\/www.fiqsante.qc.ca\\\/en\\\/the-new-collective-agreement-is-signed\\\/#primaryimage\"},\"thumbnailUrl\":\"https:\\\/\\\/www.fiqsante.qc.ca\\\/wp-content\\\/uploads\\\/2024\\\/12\\\/signature-cc-2024-fiq-850x850-1.png\",\"articleSection\":[\"Info-n\u00e9go\"],\"inLanguage\":\"en-US\",\"potentialAction\":[{\"@type\":\"CommentAction\",\"name\":\"Comment\",\"target\":[\"https:\\\/\\\/www.fiqsante.qc.ca\\\/en\\\/the-new-collective-agreement-is-signed\\\/#respond\"]}]},{\"@type\":\"WebPage\",\"@id\":\"https:\\\/\\\/www.fiqsante.qc.ca\\\/en\\\/the-new-collective-agreement-is-signed\\\/\",\"url\":\"https:\\\/\\\/www.fiqsante.qc.ca\\\/en\\\/the-new-collective-agreement-is-signed\\\/\",\"name\":\"The new collective agreement is signed! - F\u00e9d\u00e9ration interprofessionnelle de la sant\u00e9 du Qu\u00e9bec\",\"isPartOf\":{\"@id\":\"https:\\\/\\\/www.fiqsante.qc.ca\\\/en\\\/#website\"},\"primaryImageOfPage\":{\"@id\":\"https:\\\/\\\/www.fiqsante.qc.ca\\\/en\\\/the-new-collective-agreement-is-signed\\\/#primaryimage\"},\"image\":{\"@id\":\"https:\\\/\\\/www.fiqsante.qc.ca\\\/en\\\/the-new-collective-agreement-is-signed\\\/#primaryimage\"},\"thumbnailUrl\":\"https:\\\/\\\/www.fiqsante.qc.ca\\\/wp-content\\\/uploads\\\/2024\\\/12\\\/signature-cc-2024-fiq-850x850-1.png\",\"datePublished\":\"2024-12-05T21:37:18+00:00\",\"dateModified\":\"2024-12-05T21:39:52+00:00\",\"author\":{\"@id\":\"https:\\\/\\\/www.fiqsante.qc.ca\\\/en\\\/#\\\/schema\\\/person\\\/e4cd421486cf950acd26794b9d29516f\"},\"breadcrumb\":{\"@id\":\"https:\\\/\\\/www.fiqsante.qc.ca\\\/en\\\/the-new-collective-agreement-is-signed\\\/#breadcrumb\"},\"inLanguage\":\"en-US\",\"potentialAction\":[{\"@type\":\"ReadAction\",\"target\":[\"https:\\\/\\\/www.fiqsante.qc.ca\\\/en\\\/the-new-collective-agreement-is-signed\\\/\"]}]},{\"@type\":\"ImageObject\",\"inLanguage\":\"en-US\",\"@id\":\"https:\\\/\\\/www.fiqsante.qc.ca\\\/en\\\/the-new-collective-agreement-is-signed\\\/#primaryimage\",\"url\":\"https:\\\/\\\/www.fiqsante.qc.ca\\\/wp-content\\\/uploads\\\/2024\\\/12\\\/signature-cc-2024-fiq-850x850-1.png\",\"contentUrl\":\"https:\\\/\\\/www.fiqsante.qc.ca\\\/wp-content\\\/uploads\\\/2024\\\/12\\\/signature-cc-2024-fiq-850x850-1.png\",\"width\":850,\"height\":550},{\"@type\":\"BreadcrumbList\",\"@id\":\"https:\\\/\\\/www.fiqsante.qc.ca\\\/en\\\/the-new-collective-agreement-is-signed\\\/#breadcrumb\",\"itemListElement\":[{\"@type\":\"ListItem\",\"position\":1,\"name\":\"Home\",\"item\":\"https:\\\/\\\/www.fiqsante.qc.ca\\\/en\\\/\"},{\"@type\":\"ListItem\",\"position\":2,\"name\":\"The new collective agreement is signed!\"}]},{\"@type\":\"WebSite\",\"@id\":\"https:\\\/\\\/www.fiqsante.qc.ca\\\/en\\\/#website\",\"url\":\"https:\\\/\\\/www.fiqsante.qc.ca\\\/en\\\/\",\"name\":\"F\u00e9d\u00e9ration interprofessionnelle de la sant\u00e9 du Qu\u00e9bec\",\"description\":\"\",\"potentialAction\":[{\"@type\":\"SearchAction\",\"target\":{\"@type\":\"EntryPoint\",\"urlTemplate\":\"https:\\\/\\\/www.fiqsante.qc.ca\\\/en\\\/?s={search_term_string}\"},\"query-input\":{\"@type\":\"PropertyValueSpecification\",\"valueRequired\":true,\"valueName\":\"search_term_string\"}}],\"inLanguage\":\"en-US\"},{\"@type\":\"Person\",\"@id\":\"https:\\\/\\\/www.fiqsante.qc.ca\\\/en\\\/#\\\/schema\\\/person\\\/e4cd421486cf950acd26794b9d29516f\",\"name\":\"Benoit Riopel\",\"image\":{\"@type\":\"ImageObject\",\"inLanguage\":\"en-US\",\"@id\":\"https:\\\/\\\/secure.gravatar.com\\\/avatar\\\/8ed20e184330cb16b735ae458df5cffc766021d3034fd6312ded0e51c324639e?s=96&d=mm&r=g\",\"url\":\"https:\\\/\\\/secure.gravatar.com\\\/avatar\\\/8ed20e184330cb16b735ae458df5cffc766021d3034fd6312ded0e51c324639e?s=96&d=mm&r=g\",\"contentUrl\":\"https:\\\/\\\/secure.gravatar.com\\\/avatar\\\/8ed20e184330cb16b735ae458df5cffc766021d3034fd6312ded0e51c324639e?s=96&d=mm&r=g\",\"caption\":\"Benoit Riopel\"}}]}<\/script>\n<!-- \/ Yoast SEO plugin. -->","yoast_head_json":{"title":"The new collective agreement is signed! - F\u00e9d\u00e9ration interprofessionnelle de la sant\u00e9 du Qu\u00e9bec","robots":{"index":"index","follow":"follow","max-snippet":"max-snippet:-1","max-image-preview":"max-image-preview:large","max-video-preview":"max-video-preview:-1"},"canonical":"https:\/\/www.fiqsante.qc.ca\/en\/the-new-collective-agreement-is-signed\/","og_locale":"en_US","og_type":"article","og_title":"The new collective agreement is signed! - F\u00e9d\u00e9ration interprofessionnelle de la sant\u00e9 du Qu\u00e9bec","og_description":"[vc_row][vc_column][vc_single_image image=&#8221;5529&#8243; img_size=&#8221;full&#8221; css=&#8221;&#8221;][vc_column_text css=&#8221;&#8221;]Info-n\u00e9go No 35, [\/vc_column_text][vc_column_text] [\/vc_column_text][vc_column_text css=&#8221;&#8221;]We are happy to announce that the FIQ and the government signed the new \u00a0\u00a0\u00a02024-2028 collective agreement today This marks the official end of negotiations and the going into force of your new provincial collective agreement on December 15, 2024, including the premium for critical periods [&hellip;]","og_url":"https:\/\/www.fiqsante.qc.ca\/en\/the-new-collective-agreement-is-signed\/","og_site_name":"F\u00e9d\u00e9ration interprofessionnelle de la sant\u00e9 du Qu\u00e9bec","article_published_time":"2024-12-05T21:37:18+00:00","article_modified_time":"2024-12-05T21:39:52+00:00","og_image":[{"width":850,"height":550,"url":"https:\/\/www.fiqsante.qc.ca\/wp-content\/uploads\/2024\/12\/signature-cc-2024-fiq-850x850-1.png","type":"image\/png"}],"author":"Benoit Riopel","twitter_card":"summary_large_image","twitter_misc":{"Written by":"Benoit Riopel","Est. reading time":"2 minutes"},"schema":{"@context":"https:\/\/schema.org","@graph":[{"@type":"Article","@id":"https:\/\/www.fiqsante.qc.ca\/en\/the-new-collective-agreement-is-signed\/#article","isPartOf":{"@id":"https:\/\/www.fiqsante.qc.ca\/en\/the-new-collective-agreement-is-signed\/"},"author":{"name":"Benoit Riopel","@id":"https:\/\/www.fiqsante.qc.ca\/en\/#\/schema\/person\/e4cd421486cf950acd26794b9d29516f"},"headline":"The new collective agreement is signed!","datePublished":"2024-12-05T21:37:18+00:00","dateModified":"2024-12-05T21:39:52+00:00","mainEntityOfPage":{"@id":"https:\/\/www.fiqsante.qc.ca\/en\/the-new-collective-agreement-is-signed\/"},"wordCount":242,"commentCount":0,"image":{"@id":"https:\/\/www.fiqsante.qc.ca\/en\/the-new-collective-agreement-is-signed\/#primaryimage"},"thumbnailUrl":"https:\/\/www.fiqsante.qc.ca\/wp-content\/uploads\/2024\/12\/signature-cc-2024-fiq-850x850-1.png","articleSection":["Info-n\u00e9go"],"inLanguage":"en-US","potentialAction":[{"@type":"CommentAction","name":"Comment","target":["https:\/\/www.fiqsante.qc.ca\/en\/the-new-collective-agreement-is-signed\/#respond"]}]},{"@type":"WebPage","@id":"https:\/\/www.fiqsante.qc.ca\/en\/the-new-collective-agreement-is-signed\/","url":"https:\/\/www.fiqsante.qc.ca\/en\/the-new-collective-agreement-is-signed\/","name":"The new collective agreement is signed! - F\u00e9d\u00e9ration interprofessionnelle de la sant\u00e9 du Qu\u00e9bec","isPartOf":{"@id":"https:\/\/www.fiqsante.qc.ca\/en\/#website"},"primaryImageOfPage":{"@id":"https:\/\/www.fiqsante.qc.ca\/en\/the-new-collective-agreement-is-signed\/#primaryimage"},"image":{"@id":"https:\/\/www.fiqsante.qc.ca\/en\/the-new-collective-agreement-is-signed\/#primaryimage"},"thumbnailUrl":"https:\/\/www.fiqsante.qc.ca\/wp-content\/uploads\/2024\/12\/signature-cc-2024-fiq-850x850-1.png","datePublished":"2024-12-05T21:37:18+00:00","dateModified":"2024-12-05T21:39:52+00:00","author":{"@id":"https:\/\/www.fiqsante.qc.ca\/en\/#\/schema\/person\/e4cd421486cf950acd26794b9d29516f"},"breadcrumb":{"@id":"https:\/\/www.fiqsante.qc.ca\/en\/the-new-collective-agreement-is-signed\/#breadcrumb"},"inLanguage":"en-US","potentialAction":[{"@type":"ReadAction","target":["https:\/\/www.fiqsante.qc.ca\/en\/the-new-collective-agreement-is-signed\/"]}]},{"@type":"ImageObject","inLanguage":"en-US","@id":"https:\/\/www.fiqsante.qc.ca\/en\/the-new-collective-agreement-is-signed\/#primaryimage","url":"https:\/\/www.fiqsante.qc.ca\/wp-content\/uploads\/2024\/12\/signature-cc-2024-fiq-850x850-1.png","contentUrl":"https:\/\/www.fiqsante.qc.ca\/wp-content\/uploads\/2024\/12\/signature-cc-2024-fiq-850x850-1.png","width":850,"height":550},{"@type":"BreadcrumbList","@id":"https:\/\/www.fiqsante.qc.ca\/en\/the-new-collective-agreement-is-signed\/#breadcrumb","itemListElement":[{"@type":"ListItem","position":1,"name":"Home","item":"https:\/\/www.fiqsante.qc.ca\/en\/"},{"@type":"ListItem","position":2,"name":"The new collective agreement is signed!"}]},{"@type":"WebSite","@id":"https:\/\/www.fiqsante.qc.ca\/en\/#website","url":"https:\/\/www.fiqsante.qc.ca\/en\/","name":"F\u00e9d\u00e9ration interprofessionnelle de la sant\u00e9 du Qu\u00e9bec","description":"","potentialAction":[{"@type":"SearchAction","target":{"@type":"EntryPoint","urlTemplate":"https:\/\/www.fiqsante.qc.ca\/en\/?s={search_term_string}"},"query-input":{"@type":"PropertyValueSpecification","valueRequired":true,"valueName":"search_term_string"}}],"inLanguage":"en-US"},{"@type":"Person","@id":"https:\/\/www.fiqsante.qc.ca\/en\/#\/schema\/person\/e4cd421486cf950acd26794b9d29516f","name":"Benoit Riopel","image":{"@type":"ImageObject","inLanguage":"en-US","@id":"https:\/\/secure.gravatar.com\/avatar\/8ed20e184330cb16b735ae458df5cffc766021d3034fd6312ded0e51c324639e?s=96&d=mm&r=g","url":"https:\/\/secure.gravatar.com\/avatar\/8ed20e184330cb16b735ae458df5cffc766021d3034fd6312ded0e51c324639e?s=96&d=mm&r=g","contentUrl":"https:\/\/secure.gravatar.com\/avatar\/8ed20e184330cb16b735ae458df5cffc766021d3034fd6312ded0e51c324639e?s=96&d=mm&r=g","caption":"Benoit Riopel"}}]}},"_links":{"self":[{"href":"https:\/\/www.fiqsante.qc.ca\/en\/wp-json\/wp\/v2\/posts\/5534","targetHints":{"allow":["GET"]}}],"collection":[{"href":"https:\/\/www.fiqsante.qc.ca\/en\/wp-json\/wp\/v2\/posts"}],"about":[{"href":"https:\/\/www.fiqsante.qc.ca\/en\/wp-json\/wp\/v2\/types\/post"}],"author":[{"embeddable":true,"href":"https:\/\/www.fiqsante.qc.ca\/en\/wp-json\/wp\/v2\/users\/2"}],"replies":[{"embeddable":true,"href":"https:\/\/www.fiqsante.qc.ca\/en\/wp-json\/wp\/v2\/comments?post=5534"}],"version-history":[{"count":3,"href":"https:\/\/www.fiqsante.qc.ca\/en\/wp-json\/wp\/v2\/posts\/5534\/revisions"}],"predecessor-version":[{"id":5537,"href":"https:\/\/www.fiqsante.qc.ca\/en\/wp-json\/wp\/v2\/posts\/5534\/revisions\/5537"}],"wp:featuredmedia":[{"embeddable":true,"href":"https:\/\/www.fiqsante.qc.ca\/en\/wp-json\/wp\/v2\/media\/5493"}],"wp:attachment":[{"href":"https:\/\/www.fiqsante.qc.ca\/en\/wp-json\/wp\/v2\/media?parent=5534"}],"wp:term":[{"taxonomy":"category","embeddable":true,"href":"https:\/\/www.fiqsante.qc.ca\/en\/wp-json\/wp\/v2\/categories?post=5534"},{"taxonomy":"post_tag","embeddable":true,"href":"https:\/\/www.fiqsante.qc.ca\/en\/wp-json\/wp\/v2\/tags?post=5534"}],"curies":[{"name":"wp","href":"https:\/\/api.w.org\/{rel}","templated":true}]}}